{"id":412,"date":"2023-07-15T00:30:29","date_gmt":"2023-07-15T00:30:29","guid":{"rendered":"https:\/\/anagestaodetempo.com\/blog\/?p=412"},"modified":"2025-08-26T18:14:53","modified_gmt":"2025-08-26T18:14:53","slug":"como-parar-de-procrastinar","status":"publish","type":"post","link":"https:\/\/anagestaodetempo.com\/blog\/como-parar-de-procrastinar\/","title":{"rendered":"Como parar de procrastinar: Dicas pr\u00e1ticas para aumentar a produtividade"},"content":{"rendered":"\n<p>Se voc\u00ea \u00e9 como a maioria das pessoas, sabe que a <a href=\"https:\/\/anagestaodetempo.com\/blog\/procrastinar-o-que-e-causas-e-como-parar-a-procrastinacao\/\">procrastina\u00e7\u00e3o<\/a> pode ser um grande obst\u00e1culo para alcan\u00e7ar seus objetivos. A procrastina\u00e7\u00e3o \u00e9 o h\u00e1bito de adiar tarefas importantes, muitas vezes em favor de atividades mais agrad\u00e1veis ou menos desafiadoras. Embora a procrastina\u00e7\u00e3o possa parecer inofensiva a princ\u00edpio, ela pode levar a altos n\u00edveis de estresse, ansiedade e at\u00e9 mesmo atrasar o seu sucesso.<\/p>\n\n\n\n<p>Felizmente, existem v\u00e1rias t\u00e9cnicas eficazes para ajud\u00e1-lo a superar a procrastina\u00e7\u00e3o. Uma das primeiras coisas que voc\u00ea pode fazer \u00e9 identificar por que est\u00e1 procrastinando. \u00c0s vezes, a procrastina\u00e7\u00e3o pode ser causada pela falta de motiva\u00e7\u00e3o ou clareza sobre o que precisa ser feito. Em outros casos, pode ser causada por medo de fracassar ou de n\u00e3o ser capaz de completar a tarefa. Identificar a causa subjacente da sua procrastina\u00e7\u00e3o pode ajud\u00e1-lo a encontrar maneiras de super\u00e1-la.<\/p>\n\n\n\n<h2 class=\"wp-block-heading\">O que \u00e9 a procrastina\u00e7\u00e3o<\/h2>\n\n\n\n<p>A procrastina\u00e7\u00e3o \u00e9 um comportamento que consiste em adiar ou protelar uma tarefa que precisa ser realizada. \u00c9 quando voc\u00ea sabe que tem algo para fazer, mas acaba deixando para depois e, muitas vezes, n\u00e3o consegue cumprir o prazo ou entregar o trabalho com qualidade.<\/p>\n\n\n\n<p>A procrastina\u00e7\u00e3o pode ser causada por diversos fatores, como falta de motiva\u00e7\u00e3o, ansiedade, medo do fracasso, falta de organiza\u00e7\u00e3o, entre outros. \u00c9 um comportamento que pode afetar a vida pessoal e profissional de uma pessoa, prejudicando a sua produtividade e aumentando o seu n\u00edvel de estresse.<\/p>\n\n\n\n<p>\u00c9 importante ressaltar que procrastinar em algumas situa\u00e7\u00f5es \u00e9 normal e at\u00e9 mesmo saud\u00e1vel, como quando voc\u00ea precisa descansar ou priorizar outras atividades. No entanto, quando a procrastina\u00e7\u00e3o se torna um h\u00e1bito e come\u00e7a a prejudicar a sua vida, \u00e9 preciso tomar medidas para mudar esse comportamento.<\/p>\n\n\n\n<p>Para evitar a procrastina\u00e7\u00e3o, \u00e9 importante identificar as causas desse comportamento e buscar alternativas para lidar com elas. Algumas estrat\u00e9gias que podem ajudar incluem:<\/p>\n\n\n\n<ul class=\"wp-block-list\">\n<li>Estabelecer metas e prazos realistas para as tarefas;<\/li>\n\n\n\n<li>Dividir as tarefas em pequenas etapas para torn\u00e1-las mais gerenci\u00e1veis;<\/li>\n\n\n\n<li>Eliminar distra\u00e7\u00f5es, como redes sociais e jogos, durante o per\u00edodo de trabalho;<\/li>\n\n\n\n<li>Utilizar t\u00e9cnicas de produtividade, como a t\u00e9cnica Pomodoro, para manter o foco e aumentar a concentra\u00e7\u00e3o.<\/li>\n<\/ul>\n\n\n\n<p>Ao adotar essas estrat\u00e9gias, voc\u00ea pode combater a procrastina\u00e7\u00e3o e aumentar a sua produtividade, tornando-se mais eficiente e alcan\u00e7ando seus objetivos de forma mais satisfat\u00f3ria.<\/p>\n\n\n\n<p><strong>Veja tamb\u00e9m: <a href=\"https:\/\/anagestaodetempo.com\/blog\/o-que-e-procrastinacao-ativa\/\">O que \u00e9 procrastina\u00e7\u00e3o ativa? Entenda como abandonar esse h\u00e1bito!<\/a><\/strong><\/p>\n\n\n\n<h2 class=\"wp-block-heading\">Pilares da procrastina\u00e7\u00e3o<\/h2>\n\n\n\n<p>A procrastina\u00e7\u00e3o \u00e9 um h\u00e1bito comum que afeta a maioria das pessoas em algum momento da vida. \u00c9 a tend\u00eancia de adiar tarefas importantes em favor de atividades mais agrad\u00e1veis ou menos desafiadoras. Existem quatro pilares principais que sustentam a procrastina\u00e7\u00e3o: Tarefas de baixo valor, Expectativa de dificuldade, Medo de errar e Personalidade de procrastinador.<\/p>\n\n\n\n<h3 class=\"wp-block-heading\">Tarefas de baixo valor<\/h3>\n\n\n\n<p>Tarefas de baixo valor s\u00e3o aquelas que n\u00e3o t\u00eam um grande impacto no resultado final, mas ainda precisam ser feitas. Essas tarefas geralmente s\u00e3o chatas, repetitivas ou demoradas. Como resultado, \u00e9 f\u00e1cil <a href=\"https:\/\/anagestaodetempo.com\/blog\/o-que-significa-postergar\/\">postergar<\/a> essas tarefas em favor de atividades mais agrad\u00e1veis. No entanto, adiar essas tarefas pode levar a um ac\u00famulo de trabalho e estresse desnecess\u00e1rio.<\/p>\n\n\n\n<h3 class=\"wp-block-heading\">Expectativa de dificuldade<\/h3>\n\n\n\n<p>A expectativa de dificuldade \u00e9 outro pilar da procrastina\u00e7\u00e3o. Quando voc\u00ea enfrenta uma tarefa que parece dif\u00edcil ou desafiadora, \u00e9 natural sentir-se ansioso ou sobrecarregado. Em vez de enfrentar a tarefa de frente, \u00e9 f\u00e1cil adiar a tarefa para evitar sentimentos desconfort\u00e1veis. No entanto, adiar a tarefa s\u00f3 prolonga a ansiedade e pode tornar a tarefa ainda mais dif\u00edcil de realizar.<\/p>\n\n\n\n<h3 class=\"wp-block-heading\">Medo de errar<\/h3>\n\n\n\n<p>O medo de errar \u00e9 outro fator que contribui para a procrastina\u00e7\u00e3o. Quando voc\u00ea se preocupa com o fracasso ou cometer erros, \u00e9 f\u00e1cil adiar uma tarefa para evitar o risco de falha. No entanto, adiar a tarefa s\u00f3 prolonga a ansiedade e pode tornar a tarefa ainda mais dif\u00edcil de realizar.<\/p>\n\n\n\n<h3 class=\"wp-block-heading\">Personalidade de procrastinador<\/h3>\n\n\n\n<p>Finalmente, a personalidade de procrastinador \u00e9 um fator importante na procrastina\u00e7\u00e3o. Algumas pessoas s\u00e3o naturalmente mais propensas a adiar tarefas do que outras. Isso pode ser devido a uma s\u00e9rie de fatores, incluindo baixa autoestima, falta de motiva\u00e7\u00e3o ou dificuldade em lidar com o estresse. Se voc\u00ea \u00e9 naturalmente propenso a procrastinar, pode ser necess\u00e1rio fazer um esfor\u00e7o consciente para mudar seus h\u00e1bitos.<\/p>\n\n\n\n<h2 class=\"wp-block-heading\">Como identificar a necessidade de parar de procrastinar?<\/h2>\n\n\n\n<p>Voc\u00ea pode estar procrastinando se:<\/p>\n\n\n\n<ul class=\"wp-block-list\">\n<li>Voc\u00ea tem uma lista de tarefas a fazer, mas n\u00e3o consegue come\u00e7ar nenhuma delas.<\/li>\n\n\n\n<li>Voc\u00ea est\u00e1 constantemente adiando prazos e deixando as coisas para a \u00faltima hora.<\/li>\n\n\n\n<li>Voc\u00ea se distrai facilmente e perde muito tempo em atividades que n\u00e3o s\u00e3o importantes ou produtivas.<\/li>\n\n\n\n<li>Voc\u00ea tem dificuldade em tomar decis\u00f5es e fica indeciso sobre o que fazer em seguida.<\/li>\n\n\n\n<li>Voc\u00ea sente que est\u00e1 sempre ocupado, mas n\u00e3o est\u00e1 fazendo progresso em seus objetivos.<\/li>\n<\/ul>\n\n\n\n<p>A procrastina\u00e7\u00e3o pode ser um h\u00e1bito dif\u00edcil de quebrar, mas \u00e9 importante reconhecer quando est\u00e1 acontecendo para que voc\u00ea possa tomar medidas para super\u00e1-la. Se voc\u00ea est\u00e1 procrastinando regularmente e isso est\u00e1 afetando sua vida pessoal ou profissional, \u00e9 hora de fazer algo a respeito.<\/p>\n\n\n\n<p>Lembre-se de que a procrastina\u00e7\u00e3o pode ter consequ\u00eancias negativas, como:<\/p>\n\n\n\n<ul class=\"wp-block-list\">\n<li>Estresse e ansiedade devido a prazos perdidos ou trabalho acumulado.<\/li>\n\n\n\n<li><a href=\"https:\/\/www.psicologosberrini.com.br\/blog\/sinais-da-baixa-autoestima-e-como-ela-pode-se-manifestar\/\">Baixa autoestima<\/a> e autoconfian\u00e7a, pois voc\u00ea n\u00e3o est\u00e1 cumprindo suas metas.<\/li>\n\n\n\n<li>Perda de oportunidades devido a trabalhos malfeitos ou entregues tarde.<\/li>\n\n\n\n<li>Sobrecarga de trabalho quando voc\u00ea tenta recuperar o tempo perdido.<\/li>\n<\/ul>\n\n\n\n<p>Se voc\u00ea est\u00e1 experimentando algum desses efeitos negativos, \u00e9 hora de come\u00e7ar a trabalhar em sua procrastina\u00e7\u00e3o. H\u00e1 muitas t\u00e9cnicas e estrat\u00e9gias que podem ajud\u00e1-lo a superar esse h\u00e1bito e a ser mais produtivo e eficiente em seu trabalho e vida pessoal.<\/p>\n\n\n\n<h2 class=\"wp-block-heading\">Sinais de procrastina\u00e7\u00e3o<\/h2>\n\n\n\n<p>Se voc\u00ea est\u00e1 sempre deixando tarefas importantes para depois, pode estar sofrendo de procrastina\u00e7\u00e3o. A procrastina\u00e7\u00e3o \u00e9 um h\u00e1bito que pode prejudicar sua produtividade e afetar sua vida pessoal e profissional. Aqui est\u00e3o alguns sinais comuns de procrastina\u00e7\u00e3o que voc\u00ea deve ficar atento:<\/p>\n\n\n\n<h3 class=\"wp-block-heading\">Sempre tem demandas urgentes<\/h3>\n\n\n\n<p>Voc\u00ea sente que est\u00e1 sempre correndo atr\u00e1s do tempo e que tem muitas demandas urgentes? Isso pode ser um sinal de que voc\u00ea est\u00e1 procrastinando. Quando voc\u00ea procrastina, voc\u00ea acaba deixando as coisas para a \u00faltima hora e isso pode gerar press\u00e3o e estresse desnecess\u00e1rios. Tente se organizar melhor e priorizar suas tarefas para evitar essa sensa\u00e7\u00e3o de urg\u00eancia constante.<\/p>\n\n\n\n<h3 class=\"wp-block-heading\">N\u00e3o consegui cumprir prazos<\/h3>\n\n\n\n<p>Voc\u00ea tem dificuldade em cumprir prazos e sempre acaba entregando as coisas atrasadas? Isso pode ser um sinal de que voc\u00ea est\u00e1 procrastinando. Quando voc\u00ea procrastina, acaba deixando as coisas para depois e isso pode fazer com que voc\u00ea perca prazos importantes. Tente se planejar melhor e definir prazos realistas para suas tarefas.<\/p>\n\n\n\n<h3 class=\"wp-block-heading\">Inseguran\u00e7a<\/h3>\n\n\n\n<p>Voc\u00ea se sente inseguro em rela\u00e7\u00e3o \u00e0s suas habilidades e capacidades? Isso pode ser um sinal de que voc\u00ea est\u00e1 procrastinando. Quando voc\u00ea procrastina, pode estar evitando fazer algo por medo de falhar ou de n\u00e3o fazer bem o suficiente. Tente identificar o que est\u00e1 causando essa inseguran\u00e7a e trabalhar nisso para se sentir mais confiante.<\/p>\n\n\n\n<h3 class=\"wp-block-heading\">Falta de tempo<\/h3>\n\n\n\n<p>Voc\u00ea sempre reclama que n\u00e3o tem tempo suficiente para fazer as coisas? Isso pode ser um sinal de que voc\u00ea est\u00e1 procrastinando. Quando voc\u00ea procrastina, acaba perdendo tempo com atividades menos importantes e deixando as coisas importantes para depois. Tente se organizar melhor e priorizar suas tarefas para aproveitar melhor seu tempo.<\/p>\n\n\n\n<p>Lembre-se de que a procrastina\u00e7\u00e3o pode ser prejudicial para sua vida pessoal e profissional. Se voc\u00ea identificou alguns desses sinais em seu comportamento, tente mudar seus h\u00e1bitos e se tornar mais produtivo.<\/p>\n\n\n\n<p><strong>Veja tamb\u00e9m: <a href=\"https:\/\/anagestaodetempo.com\/blog\/o-ciclo-da-procrastinacao\/\">O ciclo da procrastina\u00e7\u00e3o<\/a><\/strong><\/p>\n\n\n\n<h2 class=\"wp-block-heading\">Como parar de procrastinar em 6 passos<\/h2>\n\n\n\n<p>Procrastinar \u00e9 um h\u00e1bito que muitas pessoas t\u00eam, mas que pode ser prejudicial para a vida pessoal e profissional. Se voc\u00ea deseja parar de procrastinar, siga estes seis passos:<\/p>\n\n\n\n<h3 class=\"wp-block-heading\">1. Utilize t\u00e9cnicas de organiza\u00e7\u00e3o<\/h3>\n\n\n\n<p>A organiza\u00e7\u00e3o \u00e9 fundamental para evitar a procrastina\u00e7\u00e3o. Uma boa t\u00e9cnica \u00e9 utilizar um planner ou uma agenda para anotar todas as tarefas que precisam ser realizadas. Isso ajuda a visualizar todas as atividades e a planejar melhor o tempo.<\/p>\n\n\n\n<p><strong>Baixe agora: <a href=\"https:\/\/anagestaodetempo.com\/blog\/template-planner-no-notion\/\">Template de Planner no Notion<\/a><\/strong><\/p>\n\n\n\n<h3 class=\"wp-block-heading\">2. Liste as tarefas di\u00e1rias<\/h3>\n\n\n\n<p>Listar todas as tarefas que precisam ser realizadas no dia \u00e9 uma \u00f3tima forma de evitar a procrastina\u00e7\u00e3o. Quando voc\u00ea tem uma lista de tarefas, fica mais f\u00e1cil visualizar tudo o que precisa ser feito e se concentrar em uma tarefa de cada vez.<\/p>\n\n\n\n<h3 class=\"wp-block-heading\">3. Estime o tempo para fazer cada tarefa<\/h3>\n\n\n\n<p>Estimar o tempo necess\u00e1rio para realizar cada tarefa \u00e9 importante para evitar a procrastina\u00e7\u00e3o. Quando voc\u00ea sabe quanto tempo precisa para realizar uma atividade, fica mais f\u00e1cil se organizar e evitar distra\u00e7\u00f5es.<\/p>\n\n\n\n<h3 class=\"wp-block-heading\">4. Aprenda a priorizar<\/h3>\n\n\n\n<p>Aprender a priorizar as tarefas \u00e9 fundamental para evitar a procrastina\u00e7\u00e3o. \u00c9 importante identificar as atividades mais importantes e realiz\u00e1-las primeiro. Isso ajuda a manter o foco e a evitar a procrastina\u00e7\u00e3o.<\/p>\n\n\n\n<h3 class=\"wp-block-heading\">5. Analise seus resultados<\/h3>\n\n\n\n<p>Analisar os resultados \u00e9 importante para identificar se voc\u00ea est\u00e1 conseguindo evitar a procrastina\u00e7\u00e3o. \u00c9 importante avaliar se voc\u00ea est\u00e1 conseguindo cumprir todas as tarefas e se est\u00e1 conseguindo se concentrar em uma tarefa de cada vez.<\/p>\n\n\n\n<h3 class=\"wp-block-heading\">6. N\u00e3o se julgue<\/h3>\n\n\n\n<p>N\u00e3o se julgar \u00e9 importante para evitar a procrastina\u00e7\u00e3o. \u00c9 comum as pessoas se sentirem culpadas quando procrastinam, mas isso s\u00f3 piora a situa\u00e7\u00e3o. \u00c9 importante lembrar que todos t\u00eam dias ruins e que \u00e9 poss\u00edvel mudar o h\u00e1bito da procrastina\u00e7\u00e3o aos poucos.<\/p>\n\n\n\n<p><strong><strong>Veja tamb\u00e9m: <a href=\"https:\/\/anagestaodetempo.com\/blog\/como-vencer-a-procrastinacao\/\">Saiba como vencer a procrastina\u00e7\u00e3o: 17 dicas para vencer o v\u00edcio da procrastina\u00e7\u00e3o<\/a><\/strong><\/strong><\/p>\n\n\n\n<h2 class=\"wp-block-heading\">Conclus\u00e3o<\/h2>\n\n\n\n<p>A procrastina\u00e7\u00e3o \u00e9 um problema comum que pode afetar a vida pessoal e profissional de muitas pessoas. Felizmente, existem muitas t\u00e9cnicas e abordagens que podem ajud\u00e1-lo a superar esse h\u00e1bito prejudicial.<\/p>\n\n\n\n<p>Ao longo deste artigo, voc\u00ea aprendeu sobre v\u00e1rias estrat\u00e9gias para combater a procrastina\u00e7\u00e3o, incluindo a organiza\u00e7\u00e3o de tarefas, a divis\u00e3o do trabalho em tarefas menores e a t\u00e9cnica dos 5 minutos. Voc\u00ea tamb\u00e9m descobriu a import\u00e2ncia de estabelecer metas claras e realistas e de evitar distra\u00e7\u00f5es desnecess\u00e1rias.<\/p>\n\n\n\n<p>Al\u00e9m disso, voc\u00ea aprendeu sobre a abordagem hol\u00edstica para combater a procrastina\u00e7\u00e3o, que envolve cuidar de sua sa\u00fade f\u00edsica e mental, estabelecer rotinas consistentes e equilibrar suas prioridades.<\/p>\n\n\n\n<p>Lembre-se de que superar a procrastina\u00e7\u00e3o n\u00e3o \u00e9 uma tarefa f\u00e1cil, mas \u00e9 poss\u00edvel com esfor\u00e7o e dedica\u00e7\u00e3o. Use as dicas e conselhos apresentados neste artigo para ajud\u00e1-lo a desenvolver <a href=\"https:\/\/anagestaodetempo.com\/blog\/habitos-produtivos\/\">h\u00e1bitos mais produtivos<\/a> e alcan\u00e7ar seus objetivos com mais efici\u00eancia.<\/p>\n\n\n\n<p><strong>Veja tamb\u00e9m: <a href=\"https:\/\/anagestaodetempo.com\/blog\/como-ser-produtivo-nos-estudos\/\">Como parar de procrastinar nos estudos? Saiba o que fazer!<\/a><\/strong><\/p>\n\n\n\n<p><strong><strong>Veja tamb\u00e9m: <\/strong><a href=\"https:\/\/anagestaodetempo.com\/blog\/como-parar-de-procrastinar-no-trabalho\/\">Como parar de procrastinar no trabalho<\/a><\/strong><\/p>\n\n\n\n<h2 class=\"wp-block-heading\">Perguntas Frequentes<\/h2>\n\n\n\n<h3 class=\"wp-block-heading\">Como parar de procrastinar imediatamente?<\/h3>\n\n\n\n<p>Infelizmente, n\u00e3o existe uma solu\u00e7\u00e3o m\u00e1gica para parar de procrastinar imediatamente. No entanto, existem algumas estrat\u00e9gias que podem ajudar a come\u00e7ar a se mover na dire\u00e7\u00e3o certa, como dividir uma tarefa grande em tarefas menores, definir prazos realistas e trabalhar em um ambiente livre de distra\u00e7\u00f5es.<\/p>\n\n\n\n<h3 class=\"wp-block-heading\">Por que eu n\u00e3o consigo parar de procrastinar?<\/h3>\n\n\n\n<p>A procrastina\u00e7\u00e3o pode ter v\u00e1rias causas, incluindo falta de motiva\u00e7\u00e3o, medo do fracasso ou da incerteza, perfeccionismo ou simplesmente falta de habilidades organizacionais. Identificar a causa subjacente da sua procrastina\u00e7\u00e3o pode ajudar a encontrar solu\u00e7\u00f5es eficazes.<\/p>\n\n\n\n<h3 class=\"wp-block-heading\">O que est\u00e1 por tr\u00e1s da procrastina\u00e7\u00e3o?<\/h3>\n\n\n\n<p>A procrastina\u00e7\u00e3o pode ser causada por uma combina\u00e7\u00e3o de fatores, incluindo falta de motiva\u00e7\u00e3o, medo do fracasso, perfeccionismo, ansiedade, t\u00e9dio e falta de habilidades organizacionais. Identificar a causa subjacente da sua procrastina\u00e7\u00e3o pode ajudar a encontrar solu\u00e7\u00f5es eficazes.<\/p>\n\n\n\n<h3 class=\"wp-block-heading\">Quando a procrastina\u00e7\u00e3o vira doen\u00e7a?<\/h3>\n\n\n\n<p>A procrastina\u00e7\u00e3o cr\u00f4nica pode ser um sintoma de um transtorno de sa\u00fade mental, como transtorno de d\u00e9ficit de aten\u00e7\u00e3o e hiperatividade <a href=\"https:\/\/tdah.org.br\/sobre-tdah\/o-que-e-tdah\/\">(TDAH)<\/a>, depress\u00e3o ou ansiedade. Se a sua procrastina\u00e7\u00e3o est\u00e1 afetando negativamente sua vida di\u00e1ria, \u00e9 importante procurar ajuda profissional.<\/p>\n\n\n\n<h3 class=\"wp-block-heading\">O que a B\u00edblia fala sobre a procrastina\u00e7\u00e3o?<\/h3>\n\n\n\n<p>A B\u00edblia n\u00e3o fala diretamente sobre procrastina\u00e7\u00e3o, mas oferece muitos conselhos sobre como usar o tempo sabiamente e ser produtivo. Por exemplo, em Prov\u00e9rbios 6:6-8, <a href=\"https:\/\/www.awebic.com\/versiculos-para-dizer-adeus-a-procrastinacao\/\">a B\u00edblia incentiva<\/a> a observar a formiga, que trabalha diligentemente sem supervis\u00e3o. Em Ef\u00e9sios 5:15-16, a B\u00edblia incentiva a aproveitar ao m\u00e1ximo cada oportunidade e n\u00e3o desperdi\u00e7ar o tempo.<\/p>\n","protected":false},"excerpt":{"rendered":"<p>Se voc\u00ea \u00e9 como a maioria das pessoas, sabe que a procrastina\u00e7\u00e3o pode ser um grande obst\u00e1culo para alcan\u00e7ar seus objetivos. A procrastina\u00e7\u00e3o \u00e9 o h\u00e1bito de adiar tarefas importantes, muitas vezes em favor de atividades mais agrad\u00e1veis ou menos desafiadoras. Embora a procrastina\u00e7\u00e3o possa parecer inofensiva a princ\u00edpio, ela pode levar a altos n\u00edveis &hellip;<\/p>\n<p class=\"read-more\"> <a class=\"\" href=\"https:\/\/anagestaodetempo.com\/blog\/como-parar-de-procrastinar\/\"> <span class=\"screen-reader-text\">Como parar de procrastinar: Dicas pr\u00e1ticas para aumentar a produtividade<\/span> Leia mais &raquo;<\/a><\/p>\n","protected":false},"author":2,"featured_media":286,"comment_status":"closed","ping_status":"open","sticky":false,"template":"","format":"standard","meta":{"site-sidebar-layout":"default","site-content-layout":"default","ast-global-header-display":"","ast-banner-title-visibility":"","ast-main-header-display":"","ast-hfb-above-header-display":"","ast-hfb-below-header-display":"","ast-hfb-mobile-header-display":"","site-post-title":"","ast-breadcrumbs-content":"","ast-featured-img":"","footer-sml-layout":"","theme-transparent-header-meta":"","adv-header-id-meta":"","stick-header-meta":"","header-above-stick-meta":"","header-main-stick-meta":"","header-below-stick-meta":"","footnotes":""},"categories":[1],"tags":[],"class_list":["post-412","post","type-post","status-publish","format-standard","has-post-thumbnail","hentry","category-conteudo"],"yoast_head":"<!-- This site is optimized with the Yoast SEO plugin v26.9 - https:\/\/yoast.com\/product\/yoast-seo-wordpress\/ -->\n<title>Como parar de procrastinar: Dicas pr\u00e1ticas para aumentar a produtividade - Blog - Ana Gest\u00e3o de Tempo<\/title>\n<meta name=\"robots\" content=\"index, follow, max-snippet:-1, max-image-preview:large, max-video-preview:-1\" \/>\n<link rel=\"canonical\" href=\"https:\/\/anagestaodetempo.com\/blog\/como-parar-de-procrastinar\/\" \/>\n<meta property=\"og:locale\" content=\"pt_BR\" \/>\n<meta property=\"og:type\" content=\"article\" \/>\n<meta property=\"og:title\" content=\"Como parar de procrastinar: Dicas pr\u00e1ticas para aumentar a produtividade - Blog - Ana Gest\u00e3o de Tempo\" \/>\n<meta property=\"og:description\" content=\"Se voc\u00ea \u00e9 como a maioria das pessoas, sabe que a procrastina\u00e7\u00e3o pode ser um grande obst\u00e1culo para alcan\u00e7ar seus objetivos. A procrastina\u00e7\u00e3o \u00e9 o h\u00e1bito de adiar tarefas importantes, muitas vezes em favor de atividades mais agrad\u00e1veis ou menos desafiadoras. Embora a procrastina\u00e7\u00e3o possa parecer inofensiva a princ\u00edpio, ela pode levar a altos n\u00edveis &hellip; Como parar de procrastinar: Dicas pr\u00e1ticas para aumentar a produtividade Leia mais &raquo;\" \/>\n<meta property=\"og:url\" content=\"https:\/\/anagestaodetempo.com\/blog\/como-parar-de-procrastinar\/\" \/>\n<meta property=\"og:site_name\" content=\"Blog - Ana Gest\u00e3o de Tempo\" \/>\n<meta property=\"article:published_time\" content=\"2023-07-15T00:30:29+00:00\" \/>\n<meta property=\"article:modified_time\" content=\"2025-08-26T18:14:53+00:00\" \/>\n<meta property=\"og:image\" content=\"https:\/\/anagestaodetempo.com\/blog\/wp-content\/uploads\/2023\/06\/procrastinacao-4.jpg\" \/>\n\t<meta property=\"og:image:width\" content=\"1280\" \/>\n\t<meta property=\"og:image:height\" content=\"1706\" \/>\n\t<meta property=\"og:image:type\" content=\"image\/jpeg\" \/>\n<meta name=\"author\" content=\"Ana Sim\u00f5es Ribeiro\" \/>\n<meta name=\"twitter:card\" content=\"summary_large_image\" \/>\n<meta name=\"twitter:label1\" content=\"Escrito por\" \/>\n\t<meta name=\"twitter:data1\" content=\"Ana Sim\u00f5es Ribeiro\" \/>\n\t<meta name=\"twitter:label2\" content=\"Est. tempo de leitura\" \/>\n\t<meta name=\"twitter:data2\" content=\"12 minutos\" \/>\n<script type=\"application\/ld+json\" class=\"yoast-schema-graph\">{\"@context\":\"https:\/\/schema.org\",\"@graph\":[{\"@type\":\"Article\",\"@id\":\"https:\/\/anagestaodetempo.com\/blog\/como-parar-de-procrastinar\/#article\",\"isPartOf\":{\"@id\":\"https:\/\/anagestaodetempo.com\/blog\/como-parar-de-procrastinar\/\"},\"author\":{\"name\":\"Ana Sim\u00f5es Ribeiro\",\"@id\":\"https:\/\/anagestaodetempo.com\/blog\/#\/schema\/person\/3393bc98ce9d9c5243c899e39fb4ab80\"},\"headline\":\"Como parar de procrastinar: Dicas pr\u00e1ticas para aumentar a produtividade\",\"datePublished\":\"2023-07-15T00:30:29+00:00\",\"dateModified\":\"2025-08-26T18:14:53+00:00\",\"mainEntityOfPage\":{\"@id\":\"https:\/\/anagestaodetempo.com\/blog\/como-parar-de-procrastinar\/\"},\"wordCount\":2149,\"publisher\":{\"@id\":\"https:\/\/anagestaodetempo.com\/blog\/#organization\"},\"image\":{\"@id\":\"https:\/\/anagestaodetempo.com\/blog\/como-parar-de-procrastinar\/#primaryimage\"},\"thumbnailUrl\":\"https:\/\/anagestaodetempo.com\/blog\/wp-content\/uploads\/2023\/06\/procrastinacao-4.jpg\",\"articleSection\":[\"Conte\u00fado\"],\"inLanguage\":\"pt-BR\"},{\"@type\":\"WebPage\",\"@id\":\"https:\/\/anagestaodetempo.com\/blog\/como-parar-de-procrastinar\/\",\"url\":\"https:\/\/anagestaodetempo.com\/blog\/como-parar-de-procrastinar\/\",\"name\":\"Como parar de procrastinar: Dicas pr\u00e1ticas para aumentar a produtividade - Blog - Ana Gest\u00e3o de Tempo\",\"isPartOf\":{\"@id\":\"https:\/\/anagestaodetempo.com\/blog\/#website\"},\"primaryImageOfPage\":{\"@id\":\"https:\/\/anagestaodetempo.com\/blog\/como-parar-de-procrastinar\/#primaryimage\"},\"image\":{\"@id\":\"https:\/\/anagestaodetempo.com\/blog\/como-parar-de-procrastinar\/#primaryimage\"},\"thumbnailUrl\":\"https:\/\/anagestaodetempo.com\/blog\/wp-content\/uploads\/2023\/06\/procrastinacao-4.jpg\",\"datePublished\":\"2023-07-15T00:30:29+00:00\",\"dateModified\":\"2025-08-26T18:14:53+00:00\",\"breadcrumb\":{\"@id\":\"https:\/\/anagestaodetempo.com\/blog\/como-parar-de-procrastinar\/#breadcrumb\"},\"inLanguage\":\"pt-BR\",\"potentialAction\":[{\"@type\":\"ReadAction\",\"target\":[\"https:\/\/anagestaodetempo.com\/blog\/como-parar-de-procrastinar\/\"]}]},{\"@type\":\"ImageObject\",\"inLanguage\":\"pt-BR\",\"@id\":\"https:\/\/anagestaodetempo.com\/blog\/como-parar-de-procrastinar\/#primaryimage\",\"url\":\"https:\/\/anagestaodetempo.com\/blog\/wp-content\/uploads\/2023\/06\/procrastinacao-4.jpg\",\"contentUrl\":\"https:\/\/anagestaodetempo.com\/blog\/wp-content\/uploads\/2023\/06\/procrastinacao-4.jpg\",\"width\":1280,\"height\":1706},{\"@type\":\"BreadcrumbList\",\"@id\":\"https:\/\/anagestaodetempo.com\/blog\/como-parar-de-procrastinar\/#breadcrumb\",\"itemListElement\":[{\"@type\":\"ListItem\",\"position\":1,\"name\":\"In\u00edcio\",\"item\":\"https:\/\/anagestaodetempo.com\/blog\/\"},{\"@type\":\"ListItem\",\"position\":2,\"name\":\"Como parar de procrastinar: Dicas pr\u00e1ticas para aumentar a produtividade\"}]},{\"@type\":\"WebSite\",\"@id\":\"https:\/\/anagestaodetempo.com\/blog\/#website\",\"url\":\"https:\/\/anagestaodetempo.com\/blog\/\",\"name\":\"Blog - Ana Gest\u00e3o de Tempo\",\"description\":\"Entenda como a Gest\u00e3o de Tempo te ajuda no dia a dia\",\"publisher\":{\"@id\":\"https:\/\/anagestaodetempo.com\/blog\/#organization\"},\"potentialAction\":[{\"@type\":\"SearchAction\",\"target\":{\"@type\":\"EntryPoint\",\"urlTemplate\":\"https:\/\/anagestaodetempo.com\/blog\/?s={search_term_string}\"},\"query-input\":{\"@type\":\"PropertyValueSpecification\",\"valueRequired\":true,\"valueName\":\"search_term_string\"}}],\"inLanguage\":\"pt-BR\"},{\"@type\":\"Organization\",\"@id\":\"https:\/\/anagestaodetempo.com\/blog\/#organization\",\"name\":\"Blog - Ana Gest\u00e3o de Tempo\",\"url\":\"https:\/\/anagestaodetempo.com\/blog\/\",\"logo\":{\"@type\":\"ImageObject\",\"inLanguage\":\"pt-BR\",\"@id\":\"https:\/\/anagestaodetempo.com\/blog\/#\/schema\/logo\/image\/\",\"url\":\"https:\/\/anagestaodetempo.com\/blog\/wp-content\/uploads\/2023\/05\/cropped-Logo-Rosa-1.png\",\"contentUrl\":\"https:\/\/anagestaodetempo.com\/blog\/wp-content\/uploads\/2023\/05\/cropped-Logo-Rosa-1.png\",\"width\":500,\"height\":500,\"caption\":\"Blog - Ana Gest\u00e3o de Tempo\"},\"image\":{\"@id\":\"https:\/\/anagestaodetempo.com\/blog\/#\/schema\/logo\/image\/\"}},{\"@type\":\"Person\",\"@id\":\"https:\/\/anagestaodetempo.com\/blog\/#\/schema\/person\/3393bc98ce9d9c5243c899e39fb4ab80\",\"name\":\"Ana Sim\u00f5es Ribeiro\",\"image\":{\"@type\":\"ImageObject\",\"inLanguage\":\"pt-BR\",\"@id\":\"https:\/\/anagestaodetempo.com\/blog\/#\/schema\/person\/image\/\",\"url\":\"https:\/\/anagestaodetempo.com\/blog\/wp-content\/litespeed\/avatar\/332183e727dbdea9b2a1e184fdb6badc.jpg?ver=1777509383\",\"contentUrl\":\"https:\/\/anagestaodetempo.com\/blog\/wp-content\/litespeed\/avatar\/332183e727dbdea9b2a1e184fdb6badc.jpg?ver=1777509383\",\"caption\":\"Ana Sim\u00f5es Ribeiro\"},\"description\":\"Ana \u00e9 mentora qualificada com ampla experi\u00eancia com doc\u00eancia.\u00a0Doutora em Administra\u00e7\u00e3o\u00a0pela UFSC e consultora de pequenas empresas. Com mais de\u00a010 anos de experi\u00eancia na \u00e1rea de Gest\u00e3o de Tempo e 3 anos ensinando,\u00a0j\u00e1 ajudou mais de 1000 alunos e 80 mentoradas a impulsionarem sua rotina pessoal e de trabalho, atrav\u00e9s de um m\u00e9todo de gest\u00e3o que faz sentido.\",\"sameAs\":[\"http:\/\/anagestaodetempo.com\",\"https:\/\/www.youtube.com\/@anagestaodetempo\"],\"url\":\"https:\/\/anagestaodetempo.com\/blog\/author\/anasimoesribeiro\/\"}]}<\/script>\n<!-- \/ Yoast SEO plugin. -->","yoast_head_json":{"title":"Como parar de procrastinar: Dicas pr\u00e1ticas para aumentar a produtividade - Blog - Ana Gest\u00e3o de Tempo","robots":{"index":"index","follow":"follow","max-snippet":"max-snippet:-1","max-image-preview":"max-image-preview:large","max-video-preview":"max-video-preview:-1"},"canonical":"https:\/\/anagestaodetempo.com\/blog\/como-parar-de-procrastinar\/","og_locale":"pt_BR","og_type":"article","og_title":"Como parar de procrastinar: Dicas pr\u00e1ticas para aumentar a produtividade - Blog - Ana Gest\u00e3o de Tempo","og_description":"Se voc\u00ea \u00e9 como a maioria das pessoas, sabe que a procrastina\u00e7\u00e3o pode ser um grande obst\u00e1culo para alcan\u00e7ar seus objetivos. A procrastina\u00e7\u00e3o \u00e9 o h\u00e1bito de adiar tarefas importantes, muitas vezes em favor de atividades mais agrad\u00e1veis ou menos desafiadoras. Embora a procrastina\u00e7\u00e3o possa parecer inofensiva a princ\u00edpio, ela pode levar a altos n\u00edveis &hellip; Como parar de procrastinar: Dicas pr\u00e1ticas para aumentar a produtividade Leia mais &raquo;","og_url":"https:\/\/anagestaodetempo.com\/blog\/como-parar-de-procrastinar\/","og_site_name":"Blog - Ana Gest\u00e3o de Tempo","article_published_time":"2023-07-15T00:30:29+00:00","article_modified_time":"2025-08-26T18:14:53+00:00","og_image":[{"width":1280,"height":1706,"url":"https:\/\/anagestaodetempo.com\/blog\/wp-content\/uploads\/2023\/06\/procrastinacao-4.jpg","type":"image\/jpeg"}],"author":"Ana Sim\u00f5es Ribeiro","twitter_card":"summary_large_image","twitter_misc":{"Escrito por":"Ana Sim\u00f5es Ribeiro","Est. tempo de leitura":"12 minutos"},"schema":{"@context":"https:\/\/schema.org","@graph":[{"@type":"Article","@id":"https:\/\/anagestaodetempo.com\/blog\/como-parar-de-procrastinar\/#article","isPartOf":{"@id":"https:\/\/anagestaodetempo.com\/blog\/como-parar-de-procrastinar\/"},"author":{"name":"Ana Sim\u00f5es Ribeiro","@id":"https:\/\/anagestaodetempo.com\/blog\/#\/schema\/person\/3393bc98ce9d9c5243c899e39fb4ab80"},"headline":"Como parar de procrastinar: Dicas pr\u00e1ticas para aumentar a produtividade","datePublished":"2023-07-15T00:30:29+00:00","dateModified":"2025-08-26T18:14:53+00:00","mainEntityOfPage":{"@id":"https:\/\/anagestaodetempo.com\/blog\/como-parar-de-procrastinar\/"},"wordCount":2149,"publisher":{"@id":"https:\/\/anagestaodetempo.com\/blog\/#organization"},"image":{"@id":"https:\/\/anagestaodetempo.com\/blog\/como-parar-de-procrastinar\/#primaryimage"},"thumbnailUrl":"https:\/\/anagestaodetempo.com\/blog\/wp-content\/uploads\/2023\/06\/procrastinacao-4.jpg","articleSection":["Conte\u00fado"],"inLanguage":"pt-BR"},{"@type":"WebPage","@id":"https:\/\/anagestaodetempo.com\/blog\/como-parar-de-procrastinar\/","url":"https:\/\/anagestaodetempo.com\/blog\/como-parar-de-procrastinar\/","name":"Como parar de procrastinar: Dicas pr\u00e1ticas para aumentar a produtividade - Blog - Ana Gest\u00e3o de Tempo","isPartOf":{"@id":"https:\/\/anagestaodetempo.com\/blog\/#website"},"primaryImageOfPage":{"@id":"https:\/\/anagestaodetempo.com\/blog\/como-parar-de-procrastinar\/#primaryimage"},"image":{"@id":"https:\/\/anagestaodetempo.com\/blog\/como-parar-de-procrastinar\/#primaryimage"},"thumbnailUrl":"https:\/\/anagestaodetempo.com\/blog\/wp-content\/uploads\/2023\/06\/procrastinacao-4.jpg","datePublished":"2023-07-15T00:30:29+00:00","dateModified":"2025-08-26T18:14:53+00:00","breadcrumb":{"@id":"https:\/\/anagestaodetempo.com\/blog\/como-parar-de-procrastinar\/#breadcrumb"},"inLanguage":"pt-BR","potentialAction":[{"@type":"ReadAction","target":["https:\/\/anagestaodetempo.com\/blog\/como-parar-de-procrastinar\/"]}]},{"@type":"ImageObject","inLanguage":"pt-BR","@id":"https:\/\/anagestaodetempo.com\/blog\/como-parar-de-procrastinar\/#primaryimage","url":"https:\/\/anagestaodetempo.com\/blog\/wp-content\/uploads\/2023\/06\/procrastinacao-4.jpg","contentUrl":"https:\/\/anagestaodetempo.com\/blog\/wp-content\/uploads\/2023\/06\/procrastinacao-4.jpg","width":1280,"height":1706},{"@type":"BreadcrumbList","@id":"https:\/\/anagestaodetempo.com\/blog\/como-parar-de-procrastinar\/#breadcrumb","itemListElement":[{"@type":"ListItem","position":1,"name":"In\u00edcio","item":"https:\/\/anagestaodetempo.com\/blog\/"},{"@type":"ListItem","position":2,"name":"Como parar de procrastinar: Dicas pr\u00e1ticas para aumentar a produtividade"}]},{"@type":"WebSite","@id":"https:\/\/anagestaodetempo.com\/blog\/#website","url":"https:\/\/anagestaodetempo.com\/blog\/","name":"Blog - Ana Gest\u00e3o de Tempo","description":"Entenda como a Gest\u00e3o de Tempo te ajuda no dia a dia","publisher":{"@id":"https:\/\/anagestaodetempo.com\/blog\/#organization"},"potentialAction":[{"@type":"SearchAction","target":{"@type":"EntryPoint","urlTemplate":"https:\/\/anagestaodetempo.com\/blog\/?s={search_term_string}"},"query-input":{"@type":"PropertyValueSpecification","valueRequired":true,"valueName":"search_term_string"}}],"inLanguage":"pt-BR"},{"@type":"Organization","@id":"https:\/\/anagestaodetempo.com\/blog\/#organization","name":"Blog - Ana Gest\u00e3o de Tempo","url":"https:\/\/anagestaodetempo.com\/blog\/","logo":{"@type":"ImageObject","inLanguage":"pt-BR","@id":"https:\/\/anagestaodetempo.com\/blog\/#\/schema\/logo\/image\/","url":"https:\/\/anagestaodetempo.com\/blog\/wp-content\/uploads\/2023\/05\/cropped-Logo-Rosa-1.png","contentUrl":"https:\/\/anagestaodetempo.com\/blog\/wp-content\/uploads\/2023\/05\/cropped-Logo-Rosa-1.png","width":500,"height":500,"caption":"Blog - Ana Gest\u00e3o de Tempo"},"image":{"@id":"https:\/\/anagestaodetempo.com\/blog\/#\/schema\/logo\/image\/"}},{"@type":"Person","@id":"https:\/\/anagestaodetempo.com\/blog\/#\/schema\/person\/3393bc98ce9d9c5243c899e39fb4ab80","name":"Ana Sim\u00f5es Ribeiro","image":{"@type":"ImageObject","inLanguage":"pt-BR","@id":"https:\/\/anagestaodetempo.com\/blog\/#\/schema\/person\/image\/","url":"https:\/\/anagestaodetempo.com\/blog\/wp-content\/litespeed\/avatar\/332183e727dbdea9b2a1e184fdb6badc.jpg?ver=1777509383","contentUrl":"https:\/\/anagestaodetempo.com\/blog\/wp-content\/litespeed\/avatar\/332183e727dbdea9b2a1e184fdb6badc.jpg?ver=1777509383","caption":"Ana Sim\u00f5es Ribeiro"},"description":"Ana \u00e9 mentora qualificada com ampla experi\u00eancia com doc\u00eancia.\u00a0Doutora em Administra\u00e7\u00e3o\u00a0pela UFSC e consultora de pequenas empresas. Com mais de\u00a010 anos de experi\u00eancia na \u00e1rea de Gest\u00e3o de Tempo e 3 anos ensinando,\u00a0j\u00e1 ajudou mais de 1000 alunos e 80 mentoradas a impulsionarem sua rotina pessoal e de trabalho, atrav\u00e9s de um m\u00e9todo de gest\u00e3o que faz sentido.","sameAs":["http:\/\/anagestaodetempo.com","https:\/\/www.youtube.com\/@anagestaodetempo"],"url":"https:\/\/anagestaodetempo.com\/blog\/author\/anasimoesribeiro\/"}]}},"_links":{"self":[{"href":"https:\/\/anagestaodetempo.com\/blog\/wp-json\/wp\/v2\/posts\/412","targetHints":{"allow":["GET"]}}],"collection":[{"href":"https:\/\/anagestaodetempo.com\/blog\/wp-json\/wp\/v2\/posts"}],"about":[{"href":"https:\/\/anagestaodetempo.com\/blog\/wp-json\/wp\/v2\/types\/post"}],"author":[{"embeddable":true,"href":"https:\/\/anagestaodetempo.com\/blog\/wp-json\/wp\/v2\/users\/2"}],"replies":[{"embeddable":true,"href":"https:\/\/anagestaodetempo.com\/blog\/wp-json\/wp\/v2\/comments?post=412"}],"version-history":[{"count":7,"href":"https:\/\/anagestaodetempo.com\/blog\/wp-json\/wp\/v2\/posts\/412\/revisions"}],"predecessor-version":[{"id":432,"href":"https:\/\/anagestaodetempo.com\/blog\/wp-json\/wp\/v2\/posts\/412\/revisions\/432"}],"wp:featuredmedia":[{"embeddable":true,"href":"https:\/\/anagestaodetempo.com\/blog\/wp-json\/wp\/v2\/media\/286"}],"wp:attachment":[{"href":"https:\/\/anagestaodetempo.com\/blog\/wp-json\/wp\/v2\/media?parent=412"}],"wp:term":[{"taxonomy":"category","embeddable":true,"href":"https:\/\/anagestaodetempo.com\/blog\/wp-json\/wp\/v2\/categories?post=412"},{"taxonomy":"post_tag","embeddable":true,"href":"https:\/\/anagestaodetempo.com\/blog\/wp-json\/wp\/v2\/tags?post=412"}],"curies":[{"name":"wp","href":"https:\/\/api.w.org\/{rel}","templated":true}]}}